{"id":19285,"date":"2024-03-05T08:27:23","date_gmt":"2024-03-05T08:27:23","guid":{"rendered":"http:\/\/www.cretaes.com\/?p=19285"},"modified":"2025-03-13T08:21:48","modified_gmt":"2025-03-13T08:21:48","slug":"scopri-le-potenzialita-delle-comunita-energetiche-seminario-a-montalto-uffugo","status":"publish","type":"post","link":"https:\/\/www.cretaes.com\/en\/2024\/03\/05\/scopri-le-potenzialita-delle-comunita-energetiche-seminario-a-montalto-uffugo\/","title":{"rendered":"Scopri le Potenzialit\u00e0 delle Comunit\u00e0 Energetiche: Seminario a Montalto Uffugo"},"content":{"rendered":"<p>Il futuro dell&#8217;energia passa attraverso l&#8217;innovazione e la collaborazione. \u00c8 con grande entusiasmo che annunciamo un evento imperdibile per chiunque sia interessato al mondo dell&#8217;energia sostenibile: il seminario &#8220;Comunit\u00e0 Energetiche: Prospettive ed Opportunit\u00e0&#8221;, che si terr\u00e0 il 7 marzo alle ore 17.30 presso la Sala Consiliare di Montalto Uffugo.<\/p>\n\n\n\n<p>Il seminario vedr\u00e0 la partecipazione del Sindaco di Montalto Uffugo, Pietro Caracciolo, e l&#8217;introduzione della Prof.ssa Francesca Guerriero, Direttrice del DIMEG dell&#8217;Universit\u00e0 della Calabria. A relazionare sar\u00e0 il Prof. Daniele Menniti, che condivider\u00e0 la sua visione sull&#8217;importanza e sulle potenzialit\u00e0 delle comunit\u00e0 energetiche, supportato dalla sua esperienza con CRETA Energie Speciali S.r.l., una societ\u00e0 leader nel settore.<\/p>\n\n\n\n<p>Questo evento non solo approfondir\u00e0 il tema delle comunit\u00e0 energetiche e del loro impatto positivo sul territorio e sull&#8217;ambiente, ma offrir\u00e0 anche l&#8217;opportunit\u00e0 ai partecipanti di interagire con gli esperti, ponendo domande e condividendo opinioni.<\/p>\n\n\n\n<p>Invitiamo tutti i cittadini, gli studenti e i professionisti interessati a questa tematica a partecipare al seminario. \u00c8 un&#8217;occasione unica per comprendere meglio come le energie rinnovabili e le comunit\u00e0 energetiche possano giocare un ruolo cruciale nel nostro futuro energetico.<\/p>\n\n\n\n<p>Non perdete l&#8217;occasione di essere parte di un futuro energetico pi\u00f9 sostenibile e resiliente. Vi aspettiamo a Montalto Uffugo!<\/p>","protected":false},"excerpt":{"rendered":"<p>Il futuro dell&#8217;energia passa attraverso l&#8217;innovazione e la collaborazione. \u00c8 con grande entusiasmo che annunciamo un evento imperdibile per chiunque sia interessato al mondo dell&#8217;energia sostenibile: il seminario &#8220;Comunit\u00e0 Energetiche: Prospettive ed Opportunit\u00e0&#8221;, che si terr\u00e0 il 7 marzo alle ore 17.30 presso la Sala Consiliare di Montalto Uffugo. Il seminario vedr\u00e0 la partecipazione del Sindaco di Montalto Uffugo, Pietro Caracciolo, e l&#8217;introduzione della Prof.ssa Francesca Guerriero, Direttrice del DIMEG[&hellip;]<\/p>","protected":false},"author":1,"featured_media":19286,"comment_status":"open","ping_status":"open","sticky":false,"template":"","format":"standard","meta":{"_acf_changed":false,"footnotes":""},"categories":[35],"tags":[],"class_list":["post-19285","post","type-post","status-publish","format-standard","has-post-thumbnail","hentry","category-comunita-energetiche"],"acf":[],"jetpack_featured_media_url":"https:\/\/www.cretaes.com\/wp-content\/uploads\/2024\/03\/Comunita-Energetica-di-Montalto-Uffugo.jpg","_links":{"self":[{"href":"https:\/\/www.cretaes.com\/en\/wp-json\/wp\/v2\/posts\/19285","targetHints":{"allow":["GET"]}}],"collection":[{"href":"https:\/\/www.cretaes.com\/en\/wp-json\/wp\/v2\/posts"}],"about":[{"href":"https:\/\/www.cretaes.com\/en\/wp-json\/wp\/v2\/types\/post"}],"author":[{"embeddable":true,"href":"https:\/\/www.cretaes.com\/en\/wp-json\/wp\/v2\/users\/1"}],"replies":[{"embeddable":true,"href":"https:\/\/www.cretaes.com\/en\/wp-json\/wp\/v2\/comments?post=19285"}],"version-history":[{"count":1,"href":"https:\/\/www.cretaes.com\/en\/wp-json\/wp\/v2\/posts\/19285\/revisions"}],"predecessor-version":[{"id":19287,"href":"https:\/\/www.cretaes.com\/en\/wp-json\/wp\/v2\/posts\/19285\/revisions\/19287"}],"wp:featuredmedia":[{"embeddable":true,"href":"https:\/\/www.cretaes.com\/en\/wp-json\/wp\/v2\/media\/19286"}],"wp:attachment":[{"href":"https:\/\/www.cretaes.com\/en\/wp-json\/wp\/v2\/media?parent=19285"}],"wp:term":[{"taxonomy":"category","embeddable":true,"href":"https:\/\/www.cretaes.com\/en\/wp-json\/wp\/v2\/categories?post=19285"},{"taxonomy":"post_tag","embeddable":true,"href":"https:\/\/www.cretaes.com\/en\/wp-json\/wp\/v2\/tags?post=19285"}],"curies":[{"name":"wp","href":"https:\/\/api.w.org\/{rel}","templated":true}]}}