{"id":19292,"date":"2024-07-15T09:13:28","date_gmt":"2024-07-15T09:13:28","guid":{"rendered":"http:\/\/www.cretaes.com\/?p=19292"},"modified":"2025-03-13T08:21:35","modified_gmt":"2025-03-13T08:21:35","slug":"evento-comunita-energetiche-rinnovabili-perche-e-come","status":"publish","type":"post","link":"https:\/\/www.cretaes.com\/en\/2024\/07\/15\/evento-comunita-energetiche-rinnovabili-perche-e-come\/","title":{"rendered":"Event: Renewable Energy Communities \u2013 Why and How"},"content":{"rendered":"<p>Creta Energie Speciali \u00e8 entusiasta di partecipare e supportare l&#8217;evento organizzato dal Comune di Crucoli dedicato alle Comunit\u00e0 Energetiche Rinnovabili, intitolato &#8220;Perch\u00e9 e Come&#8221;. L&#8217;appuntamento \u00e8 fissato per il 15 luglio alle ore 17:30 presso la Sala Consiliare del Comune di Crucoli.<\/p>\n\n\n\n<p>Questo evento rappresenta un&#8217;occasione imperdibile per comprendere a fondo i benefici delle comunit\u00e0 energetiche rinnovabili e il loro funzionamento. Sar\u00e0 anche un momento di incontro e dialogo con esperti del settore e rappresentanti delle istituzioni locali, pronti a condividere conoscenze e strategie per un futuro energetico sostenibile.<\/p>\n\n\n\n<p>Parteciperanno all&#8217;incontro figure di rilievo come il Sindaco di Crucoli, Arch. Cataldo Librandi, l&#8217;Assessore alla Programmazione Fondi Europei, Ing. Gianfranco Gagliardi, il Dirigente dell&#8217;Area Amministrativa, Tributi e Servizi di Rete, Geom. Salvatore Flotta, e il Professore Ordinario di Sistemi Elettrici per l\u2019Energia dell&#8217;Universit\u00e0 della Calabria, Prof. Ing. Daniele Menniti.<\/p>\n\n\n\n<p>Durante l&#8217;evento, verranno approfonditi i temi legati all&#8217;energia sostenibile, al ruolo attivo dei cittadini nelle comunit\u00e0 energetiche e alle opportunit\u00e0 di finanziamento europeo per progetti innovativi nel campo delle energie rinnovabili.<\/p>\n\n\n\n<p>Invitiamo calorosamente tutta la cittadinanza a partecipare per contribuire attivamente alla transizione energetica del nostro territorio e scoprire come ognuno di noi pu\u00f2 fare la differenza.<\/p>\n\n\n\n<p>Non mancate a questo importante appuntamento per essere protagonisti del cambiamento verso un futuro pi\u00f9 verde e sostenibile!<\/p>","protected":false},"excerpt":{"rendered":"<p>Creta Energie Speciali \u00e8 entusiasta di partecipare e supportare l&#8217;evento organizzato dal Comune di Crucoli dedicato alle Comunit\u00e0 Energetiche Rinnovabili, intitolato &#8220;Perch\u00e9 e Come&#8221;. L&#8217;appuntamento \u00e8 fissato per il 15 luglio alle ore 17:30 presso la Sala Consiliare del Comune di Crucoli. Questo evento rappresenta un&#8217;occasione imperdibile per comprendere a fondo i benefici delle comunit\u00e0 energetiche rinnovabili e il loro funzionamento. Sar\u00e0 anche un momento di incontro e dialogo con[&hellip;]<\/p>","protected":false},"author":1,"featured_media":19293,"comment_status":"open","ping_status":"open","sticky":false,"template":"","format":"standard","meta":{"_acf_changed":false,"footnotes":""},"categories":[35],"tags":[],"class_list":["post-19292","post","type-post","status-publish","format-standard","has-post-thumbnail","hentry","category-comunita-energetiche"],"acf":[],"jetpack_featured_media_url":"https:\/\/www.cretaes.com\/wp-content\/uploads\/2024\/07\/WhatsApp-Image-2024-07-15-at-10.56.02.jpeg","_links":{"self":[{"href":"https:\/\/www.cretaes.com\/en\/wp-json\/wp\/v2\/posts\/19292","targetHints":{"allow":["GET"]}}],"collection":[{"href":"https:\/\/www.cretaes.com\/en\/wp-json\/wp\/v2\/posts"}],"about":[{"href":"https:\/\/www.cretaes.com\/en\/wp-json\/wp\/v2\/types\/post"}],"author":[{"embeddable":true,"href":"https:\/\/www.cretaes.com\/en\/wp-json\/wp\/v2\/users\/1"}],"replies":[{"embeddable":true,"href":"https:\/\/www.cretaes.com\/en\/wp-json\/wp\/v2\/comments?post=19292"}],"version-history":[{"count":1,"href":"https:\/\/www.cretaes.com\/en\/wp-json\/wp\/v2\/posts\/19292\/revisions"}],"predecessor-version":[{"id":19294,"href":"https:\/\/www.cretaes.com\/en\/wp-json\/wp\/v2\/posts\/19292\/revisions\/19294"}],"wp:featuredmedia":[{"embeddable":true,"href":"https:\/\/www.cretaes.com\/en\/wp-json\/wp\/v2\/media\/19293"}],"wp:attachment":[{"href":"https:\/\/www.cretaes.com\/en\/wp-json\/wp\/v2\/media?parent=19292"}],"wp:term":[{"taxonomy":"category","embeddable":true,"href":"https:\/\/www.cretaes.com\/en\/wp-json\/wp\/v2\/categories?post=19292"},{"taxonomy":"post_tag","embeddable":true,"href":"https:\/\/www.cretaes.com\/en\/wp-json\/wp\/v2\/tags?post=19292"}],"curies":[{"name":"wp","href":"https:\/\/api.w.org\/{rel}","templated":true}]}}