{"id":19799,"date":"2025-02-07T14:38:28","date_gmt":"2025-02-07T14:38:28","guid":{"rendered":"https:\/\/www.cretaes.com\/?p=19799"},"modified":"2025-03-13T08:20:20","modified_gmt":"2025-03-13T08:20:20","slug":"auto-elettrica-uninnovazione-piu-antica-di-quanto-pensiamo","status":"publish","type":"post","link":"https:\/\/www.cretaes.com\/en\/2025\/02\/07\/auto-elettrica-uninnovazione-piu-antica-di-quanto-pensiamo\/","title":{"rendered":"Auto Elettrica: Un\u2019Innovazione pi\u00f9 Antica di Quanto Pensiamo"},"content":{"rendered":"<p>\ud83c\udfa7 <strong>Ascolta l\u2019episodio del podcast &#8220;Correnti Future&#8221; \u2013 &#8220;Impatti e pregiudizi, dalle origini a oggi&#8221;<\/strong> qui sotto, dove Mattia Battaggion e Pier Paolo Girardi analizzano la storia, i benefici e le sfide della mobilit\u00e0 elettrica.<\/p>\n\n\n\n<p>Il podcast <a href=\"https:\/\/open.spotify.com\/show\/6rWRYixCqT3rg4b0ML6fSW\">Correnti Future<\/a> \u00e8 realizzato da <a href=\"https:\/\/www.rse-web.it\/\">RSE<\/a>.<\/p>\n\n\n\n<iframe style=\"border-radius:12px\" src=\"https:\/\/open.spotify.com\/embed\/episode\/2N4hKik4CdoEwxQOq5i4oX?utm_source=generator\" width=\"100%\" height=\"352\" frameborder=\"0\" allowfullscreen=\"\" allow=\"autoplay; clipboard-write; encrypted-media; fullscreen; picture-in-picture\" loading=\"lazy\"><\/iframe>\n\n\n\n<h3 class=\"wp-block-heading\"><strong>Quando Edison e Ford immaginavano il futuro elettrico<\/strong><\/h3>\n\n\n\n<p>Se pensiamo a quando l&#8217;auto elettrica ha iniziato a essere considerata un\u2019alternativa efficiente e pulita ai motori a combustione interna, la risposta pi\u00f9 ovvia potrebbe essere &#8220;negli ultimi 20-30 anni&#8221;. In realt\u00e0, gi\u00e0 nel <strong>1895<\/strong>, Thomas Edison cercava di convincere Henry Ford che il futuro dell\u2019automobile sarebbe stato elettrico.<\/p>\n\n\n\n<p>Ford stesso, in un\u2019intervista dell\u2019epoca, dichiar\u00f2:<br><em>&#8220;Ritengo che alla fine il motore elettrico sar\u00e0 utilizzato universalmente per l&#8217;autotrasporto in tutte le grandi citt\u00e0 e che l&#8217;automobile elettrica in futuro diventer\u00e0 il mezzo di trasporto per le famiglie. Tutto l&#8217;autotrasporto passer\u00e0 all&#8217;elettricit\u00e0.&#8221;<\/em><\/p>\n\n\n\n<p>Ma allora, perch\u00e9 questa visione non si \u00e8 concretizzata prima? Per un mix di fattori: batterie non ancora efficienti, scarsa infrastruttura di ricarica e, soprattutto, la pressione dell\u2019industria petrolifera che ha favorito i motori a combustione. Oggi, pi\u00f9 di un secolo dopo, forse stiamo per assistere al compimento di quella visione lungimirante.<\/p>\n\n\n\n<hr class=\"wp-block-separator has-alpha-channel-opacity\"\/>\n\n\n\n<h3 class=\"wp-block-heading\"><strong>La rivoluzione della mobilit\u00e0 elettrica<\/strong><\/h3>\n\n\n\n<p>Il settore automobilistico sta vivendo la sua pi\u00f9 grande trasformazione dai tempi della catena di montaggio di Ford. Non si tratta solo di sostituire un motore con un altro, ma di ripensare l\u2019intera mobilit\u00e0:<br>\ud83d\ude97 <strong>Impatto ambientale<\/strong><br>\ud83d\udd0b <strong>Gestione delle risorse<\/strong><br>\ud83d\udcbc <strong>Occupazione e filiere produttive<\/strong><br>\ud83c\udf0d <strong>Geopolitica dell\u2019energia<\/strong><\/p>\n\n\n\n<p>Questa transizione, per\u00f2, \u00e8 accompagnata da una serie di pregiudizi e dubbi. Le auto elettriche sono davvero pi\u00f9 pulite? La produzione delle batterie annulla i benefici ambientali? E cosa accadr\u00e0 ai milioni di lavoratori impiegati nell\u2019industria automobilistica tradizionale?<\/p>\n\n\n\n<p>Per rispondere a queste domande, il podcast ospita <strong>Pier Paolo Girardi<\/strong>, responsabile del gruppo di ricerca <em>Life Cycle Assessment<\/em> di RSE, che ci aiuta a fare chiarezza con dati concreti.<\/p>\n\n\n\n<hr class=\"wp-block-separator has-alpha-channel-opacity\"\/>\n\n\n\n<h3 class=\"wp-block-heading\"><strong>Auto elettriche e impatto ambientale: il confronto con le auto termiche<\/strong><\/h3>\n\n\n\n<p>Le principali critiche alle auto elettriche riguardano le emissioni di CO\u2082 e il loro ciclo di vita. Ma i numeri parlano chiaro:<\/p>\n\n\n\n<p>\ud83d\udd39 <strong>Se consideriamo l&#8217;intero ciclo di vita di un\u2019auto elettrica<\/strong> \u2013 dalla produzione della batteria all\u2019utilizzo e allo smaltimento \u2013 <strong>gli impatti ambientali sono circa la met\u00e0 rispetto a un\u2019auto a combustione interna.<\/strong><\/p>\n\n\n\n<p>\ud83d\udd39 <strong>Un\u2019auto elettrica, nel corso della sua vita, riduce dal 40% al 60% le emissioni di CO\u2082<\/strong> rispetto a un veicolo a benzina o diesel.<\/p>\n\n\n\n<p>\ud83d\udd39 <strong>Le emissioni di un\u2019auto a combustione aumentano con il tempo<\/strong>, a causa dell\u2019usura del motore e della necessit\u00e0 di estrarre combustibili fossili sempre meno accessibili. Al contrario, <strong>le emissioni di un\u2019auto elettrica tendono a diminuire<\/strong>, perch\u00e9 dipendono sempre meno da fonti fossili e sempre pi\u00f9 da energie rinnovabili.<\/p>\n\n\n\n<p>\ud83d\udd39 <strong>Il sistema elettrico sta diventando pi\u00f9 pulito<\/strong>, grazie all\u2019integrazione di fonti rinnovabili come solare ed eolico. Questo significa che ricaricare un\u2019auto elettrica nel futuro avr\u00e0 un impatto ambientale sempre minore.<\/p>\n\n\n\n<hr class=\"wp-block-separator has-alpha-channel-opacity\"\/>\n\n\n\n<h3 class=\"wp-block-heading\"><strong>Efficienza energetica: il punto di forza dell\u2019auto elettrica<\/strong><\/h3>\n\n\n\n<p>Uno degli aspetti meno discussi ma pi\u00f9 rilevanti della mobilit\u00e0 elettrica \u00e8 <strong>l\u2019efficienza energetica<\/strong>.<\/p>\n\n\n\n<p>\ud83d\udd39 <strong>Un motore elettrico ha un\u2019efficienza superiore all\u201980%<\/strong>, mentre un motore a combustione interna si ferma al <strong>20-25%<\/strong>.<\/p>\n\n\n\n<p>\ud83d\udd39 <strong>Dal petrolio alla ruota<\/strong>, un\u2019auto termica ha un\u2019efficienza reale compresa tra il <strong>16% e il 20%<\/strong>, perch\u00e9 gran parte dell\u2019energia viene dispersa sotto forma di calore.<\/p>\n\n\n\n<p>\ud83d\udd39 Un\u2019auto elettrica, invece, riesce a <strong>trasformare in movimento tra il 25% e il 60% dell\u2019energia primaria<\/strong> (a seconda della fonte di produzione), rendendola <strong>pi\u00f9 efficiente di almeno il doppio<\/strong> rispetto a un\u2019auto a benzina.<\/p>\n\n\n\n<hr class=\"wp-block-separator has-alpha-channel-opacity\"\/>\n\n\n\n<h3 class=\"wp-block-heading\"><strong>Il nodo critico: l\u2019estrazione delle materie prime per le batterie<\/strong><\/h3>\n\n\n\n<p>Uno dei punti pi\u00f9 controversi della mobilit\u00e0 elettrica riguarda l\u2019estrazione di <strong>litio, cobalto e nickel<\/strong>, materiali fondamentali per le batterie.<\/p>\n\n\n\n<p>Alcuni dati chiave:<br>\ud83d\udd39 <strong>La batteria rappresenta circa il 20-25% delle emissioni di CO\u2082 di un\u2019auto elettrica<\/strong> nel suo ciclo di vita.<br>\ud83d\udd39 <strong>L\u2019estrazione delle materie prime incide per circa il 7,5%<\/strong> dell\u2019impatto complessivo.<br>\ud83d\udd39 <strong>L\u2019Europa sta lavorando su strategie di approvvigionamento sostenibile<\/strong>, introducendo un <em>passaporto delle batterie<\/em> per certificare che siano prodotte nel rispetto di standard ambientali e sociali.<br>\ud83d\udd39 <strong>L\u2019innovazione tecnologica sta riducendo la dipendenza da cobalto e nickel<\/strong>. Le nuove batterie <strong>litio-ferrofosfato (LFP)<\/strong>, ad esempio, non utilizzano cobalto e sono completamente riciclabili.<\/p>\n\n\n\n<p>Inoltre, con lo sviluppo di un\u2019economia circolare, in futuro potremo <strong>riciclare le batterie usate<\/strong> per ottenere nuove materie prime, riducendo ulteriormente l\u2019impatto ambientale.<\/p>\n\n\n\n<hr class=\"wp-block-separator has-alpha-channel-opacity\"\/>\n\n\n\n<h3 class=\"wp-block-heading\"><strong>Il grande cambiamento nell\u2019industria e nell\u2019occupazione<\/strong><\/h3>\n\n\n\n<p>Uno dei timori pi\u00f9 diffusi riguarda il futuro dei lavoratori nell\u2019industria automobilistica.<\/p>\n\n\n\n<p>\ud83d\udd39 <strong>L\u2019industria dell\u2019auto in Europa \u00e8 gi\u00e0 in contrazione da anni<\/strong>, e la concorrenza con nuovi attori globali (come le case automobilistiche cinesi) sta accelerando la trasformazione.<\/p>\n\n\n\n<p>\ud83d\udd39 <strong>Un\u2019auto elettrica \u00e8 pi\u00f9 semplice da produrre<\/strong>, ha meno componenti e necessita di meno manodopera nella filiera tradizionale. Tuttavia, questo non significa una perdita netta di posti di lavoro: <strong>si stanno creando nuove opportunit\u00e0 nei settori della produzione di batterie, della gestione dell\u2019energia e della mobilit\u00e0 connessa.<\/strong><\/p>\n\n\n\n<p>\ud83d\udd39 L\u2019Europa deve investire in innovazione, perch\u00e9 <strong>la filiera della produzione di batterie potrebbe portare occupazione significativa<\/strong>, con <strong>nuovi stabilimenti<\/strong> che potrebbero assorbire gran parte dei lavoratori in uscita dal settore termico.<\/p>\n\n\n\n<hr class=\"wp-block-separator has-alpha-channel-opacity\"\/>\n\n\n\n<h3 class=\"wp-block-heading\"><strong>Un fiume che torna al suo corso naturale<\/strong><\/h3>\n\n\n\n<p>La storia della mobilit\u00e0 elettrica somiglia a quella di un fiume che, dopo essere stato deviato per oltre un secolo, sta finalmente tornando al suo corso naturale.<\/p>\n\n\n\n<p>Oggi, la transizione all\u2019elettrico sta abbattendo i vecchi miti:<br>\u2714 <strong>Le auto elettriche sono pi\u00f9 pulite<\/strong><br>\u2714 <strong>Sono pi\u00f9 efficienti<\/strong><br>\u2714 <strong>Possono diventare sempre meno impattanti grazie alle energie rinnovabili<\/strong><br>\u2714 <strong>Possono offrire nuove opportunit\u00e0 economiche e occupazionali<\/strong><\/p>\n\n\n\n<p>Come ogni rivoluzione, questa trasformazione incontra resistenze e ostacoli. Ma, come il fiume che segue la legge della fisica, anche il futuro della mobilit\u00e0 sembra destinato a scorrere nella direzione dell\u2019elettrificazione.<\/p>","protected":false},"excerpt":{"rendered":"<p>\ud83c\udfa7 Ascolta l\u2019episodio del podcast &#8220;Correnti Future&#8221; \u2013 &#8220;Impatti e pregiudizi, dalle origini a oggi&#8221; qui sotto, dove Mattia Battaggion e Pier Paolo Girardi analizzano la storia, i benefici e le sfide della mobilit\u00e0 elettrica. Il podcast Correnti Future \u00e8 realizzato da RSE. Quando Edison e Ford immaginavano il futuro elettrico Se pensiamo a quando l&#8217;auto elettrica ha iniziato a essere considerata un\u2019alternativa efficiente e pulita ai motori a combustione[&hellip;]<\/p>","protected":false},"author":2,"featured_media":19808,"comment_status":"open","ping_status":"open","sticky":false,"template":"","format":"standard","meta":{"_acf_changed":false,"footnotes":""},"categories":[37],"tags":[51],"class_list":["post-19799","post","type-post","status-publish","format-standard","has-post-thumbnail","hentry","category-transizione-energetica","tag-mobilita-elettrica"],"acf":[],"jetpack_featured_media_url":"https:\/\/www.cretaes.com\/wp-content\/uploads\/2025\/02\/DALL\u00b7E-2025-02-07-17.33.21-A-realistic-digital-illustration-showing-the-contrast-between-past-and-present-transportation.-On-one-side-historical-horse-drawn-carriages-from-the-.webp","_links":{"self":[{"href":"https:\/\/www.cretaes.com\/en\/wp-json\/wp\/v2\/posts\/19799","targetHints":{"allow":["GET"]}}],"collection":[{"href":"https:\/\/www.cretaes.com\/en\/wp-json\/wp\/v2\/posts"}],"about":[{"href":"https:\/\/www.cretaes.com\/en\/wp-json\/wp\/v2\/types\/post"}],"author":[{"embeddable":true,"href":"https:\/\/www.cretaes.com\/en\/wp-json\/wp\/v2\/users\/2"}],"replies":[{"embeddable":true,"href":"https:\/\/www.cretaes.com\/en\/wp-json\/wp\/v2\/comments?post=19799"}],"version-history":[{"count":2,"href":"https:\/\/www.cretaes.com\/en\/wp-json\/wp\/v2\/posts\/19799\/revisions"}],"predecessor-version":[{"id":19805,"href":"https:\/\/www.cretaes.com\/en\/wp-json\/wp\/v2\/posts\/19799\/revisions\/19805"}],"wp:featuredmedia":[{"embeddable":true,"href":"https:\/\/www.cretaes.com\/en\/wp-json\/wp\/v2\/media\/19808"}],"wp:attachment":[{"href":"https:\/\/www.cretaes.com\/en\/wp-json\/wp\/v2\/media?parent=19799"}],"wp:term":[{"taxonomy":"category","embeddable":true,"href":"https:\/\/www.cretaes.com\/en\/wp-json\/wp\/v2\/categories?post=19799"},{"taxonomy":"post_tag","embeddable":true,"href":"https:\/\/www.cretaes.com\/en\/wp-json\/wp\/v2\/tags?post=19799"}],"curies":[{"name":"wp","href":"https:\/\/api.w.org\/{rel}","templated":true}]}}