{"id":20199,"date":"2025-09-08T14:40:52","date_gmt":"2025-09-08T14:40:52","guid":{"rendered":"https:\/\/www.cretaes.com\/?p=20199"},"modified":"2025-09-08T14:40:53","modified_gmt":"2025-09-08T14:40:53","slug":"creta-energie-speciali-sul-palcoscenico-della-transizione-energetica-una-tavola-rotonda-ad-amantea","status":"publish","type":"post","link":"https:\/\/www.cretaes.com\/en\/2025\/09\/08\/creta-energie-speciali-sul-palcoscenico-della-transizione-energetica-una-tavola-rotonda-ad-amantea\/","title":{"rendered":"Creta Energie Speciali sul palcoscenico della transizione energetica: una tavola rotonda ad Amantea"},"content":{"rendered":"<p>Nel pomeriggio del <strong>10 settembre 2025<\/strong>, nell\u2019ambito della <strong>117\u00aa Conferenza Internazionale AEIT<\/strong>, ospitata ad Amantea presso il Mediterraneo Palace Hotel, si terr\u00e0 una tavola rotonda dal titolo:<\/p>\n\n\n\n<h3 class=\"wp-block-heading\"><em>\u201cComunit\u00e0 Energetiche Rinnovabili: tecnologie, opportunit\u00e0 e sfide per lo sviluppo delle aree interne\u201d<\/em><\/h3>\n\n\n\n<p>L\u2019incontro, moderato da <strong>Alessandro Vizzarri<\/strong>, Presidente dell&#8217;AICT Society AEIT, vedr\u00e0 protagonisti autorevoli rappresentanti del mondo accademico, industriale e della ricerca.<\/p>\n\n\n\n<h3 class=\"wp-block-heading\">Protagonisti del dibattito<\/h3>\n\n\n\n<p>Tra i relatori:<\/p>\n\n\n\n<ul class=\"wp-block-list\">\n<li><strong>Alberto Bonadonna<\/strong> e <strong>Andrea Falciai<\/strong> \u2013 Accenture<\/li>\n\n\n\n<li><strong>Giovanni Brusco<\/strong> \u2013 Creta Energie Speciali (CretaES)<\/li>\n\n\n\n<li><strong>Antonino Rollo<\/strong> \u2013 RSE S.p.A.<\/li>\n\n\n\n<li><strong>Floriano De Rango<\/strong> \u2013 Spintel<\/li>\n\n\n\n<li><strong>Daniele Menniti<\/strong> \u2013 Universit\u00e0 della Calabria<\/li>\n\n\n\n<li><strong>Luciano Talarico<\/strong> \u2013 Intendo <\/li>\n<\/ul>\n\n\n\n<h3 class=\"wp-block-heading\">L\u2019intervento di Creta Energie Speciali<\/h3>\n\n\n\n<p>Un momento centrale della tavola rotonda sar\u00e0 l\u2019intervento dell\u2019<strong>Ing. Giovanni Brusco<\/strong>, PhD, Amministratore Delegato e Direttore Tecnico di Creta Energie Speciali. Brusco, con un passato di ricerca all\u2019Universit\u00e0 della Calabria e autore di numerosi studi scientifici, illustrer\u00e0 la nuova <strong>piattaforma di gestione in tempo reale delle Comunit\u00e0 Energetiche Rinnovabili (CER)<\/strong> sviluppata da CretaES.<\/p>\n\n\n\n<p>Tra le tecnologie di punta presentate, gli <strong>smart meter<\/strong> in grado di effettuare misurazioni ogni 5 secondi sui consumi e la produzione energetica dei membri della comunit\u00e0. Questo sistema innovativo favorisce una condivisione pi\u00f9 efficiente dell\u2019energia, con significativi vantaggi sia ambientali che economici, integrando inoltre funzionalit\u00e0 per il <strong>Demand Response<\/strong> e garantendo flessibilit\u00e0 al sistema elettrico nazionale.<\/p>\n\n\n\n<h3 class=\"wp-block-heading\">Il contributo dell\u2019Universit\u00e0 della Calabria e l\u2019importanza delle aree interne<\/h3>\n\n\n\n<p>Il <strong>Prof. Ing. Daniele Menniti<\/strong>, docente di Sistemi Elettrici per l\u2019Energia presso l\u2019Universit\u00e0 della Calabria, membro del Comitato Organizzatore Locale di AEIT2025 e responsabile dell\u2019unit\u00e0 UNICAL del GUSEE, porter\u00e0 in tavola la prospettiva accademica sul legame tra CER e sviluppo sostenibile delle aree interne.<\/p>\n\n\n\n<p>Le zone interne della Calabria, ricche di paesaggi e fonti rinnovabili, si trovano a fronteggiare un forte fenomeno di spopolamento. Secondo Menniti, una pianificazione attenta per lo sviluppo di impianti rinnovabili pu\u00f2 non solo promuovere la transizione energetica, ma diventare un volano per il rilancio economico, la creazione di occupazione, il rafforzamento dei servizi locali e la valorizzazione del territorio.<\/p>\n\n\n\n<h3 class=\"wp-block-heading\">La Calabria come laboratorio innovativo<\/h3>\n\n\n\n<p>L\u2019iniziativa rappresenta un\u2019occasione di confronto sia tecnico sia strategico, con l\u2019obiettivo di configurare le CER come strumenti chiave per il rilancio delle aree interne, per la lotta alla povert\u00e0 energetica e per la costruzione di un modello replicabile a livello nazionale ed europeo. Si punta a unire <strong>innovazione<\/strong>, <strong>equit\u00e0 sociale<\/strong> e <strong>sviluppo territoriale<\/strong>.<\/p>\n\n\n\n<p>In questo scenario, \u00e8 significativo il ruolo di <strong>Antonino Rollo<\/strong>, ex studente dell\u2019Unical oggi ricercatore presso RSE S.p.A. nel \u201cGruppo Utente al Centro\u201d. La sua partecipazione testimonia l\u2019eccellenza formativa dell\u2019Ateneo calabrese, capace di formare professionisti apprezzati nei principali centri di ricerca nazionali.<\/p>\n\n\n\n<h3 class=\"wp-block-heading\">Un appello etico di ampio respiro<\/h3>\n\n\n\n<p>A eco dell\u2019iniziativa, giunge la <strong>\u201cLettera aperta al Governo e al Parlamento\u201d<\/strong> \u2013 promossa dal Convegno dei Vescovi delle Aree Interne e gi\u00e0 firmata da oltre 140 tra Cardinali, Arcivescovi, Vescovi e Abati \u2013 che ricorda che lo sviluppo delle aree fragili non \u00e8 solo una questione economica, ma anche etica e sociale. Il documento, che invita istituzioni e cittadini a una responsabilit\u00e0 condivisa, sar\u00e0 consegnato all\u2019Intergruppo Parlamentare \u201cSviluppo Sud, Isole e Aree Fragili\u201d come stimolo per politiche operative e concrete.<\/p>\n\n\n\n<h3 class=\"wp-block-heading\">\ud83d\udd17 Per saperne di pi\u00f9<\/h3>\n\n\n\n<p><strong>\ud83d\udcf0<\/strong> <a href=\"https:\/\/www.corrieredellacalabria.it\/2025\/09\/08\/ad-amantea-una-tavola-rotonda-sulle-comunita-energetiche-rinnovabili\/?utm_source=chatgpt.com\">Leggi l\u2019articolo completo su <em>Corriere della Calabria<\/em><\/a><\/p>\n\n\n\n<p> <strong>\ud83d\udcf0<\/strong><a href=\"https:\/\/ildispaccio.it\/calabria\/cosenza\/2025\/09\/08\/aeit2025-ad-amantea-una-tavola-rotonda-sulle-comunita-energetiche-rinnovabili-tecnologie-opportunita-e-sfide-per-lo-sviluppo-delle-aree-interne-e-il-ruolo-delluniversita-della-calabria\/\">Leggi anche l\u2019articolo su <em>Il Dispaccio<\/em><\/a><\/p>\n\n\n\n<p>\ud83d\udcc5 Scopri il programma completo della conferenza AEIT sul sito ufficiale dell&#8217;AEIT: <a href=\"https:\/\/convegni.aeit.it\/misw7\/struttura\/pagedin.php?web=aeit2025&amp;page_cod=home&amp;page_mod=open\">https:\/\/convegni.aeit.it\/misw7\/struttura\/pagedin.php?web=aeit2025&amp;page_cod=home&amp;page_mod=open<\/a><\/p>\n\n\n\n<p>Con questa presenza nel cuore del dibattito sulle Comunit\u00e0 Energetiche Rinnovabili, <em>Creta Energie Speciali<\/em> conferma il proprio impegno a fare la differenza nella transizione energetica e nello sviluppo sostenibile delle comunit\u00e0 locali.<\/p>\n\n\n\n<figure class=\"wp-block-image size-full\"><img fetchpriority=\"high\" decoding=\"async\" width=\"667\" height=\"216\" src=\"https:\/\/www.cretaes.com\/wp-content\/uploads\/2025\/09\/Screenshot-2025-09-08-163241.png\" alt=\"\" class=\"wp-image-20200\" srcset=\"https:\/\/www.cretaes.com\/wp-content\/uploads\/2025\/09\/Screenshot-2025-09-08-163241.png 667w, https:\/\/www.cretaes.com\/wp-content\/uploads\/2025\/09\/Screenshot-2025-09-08-163241-300x97.png 300w, https:\/\/www.cretaes.com\/wp-content\/uploads\/2025\/09\/Screenshot-2025-09-08-163241-18x6.png 18w\" sizes=\"(max-width: 667px) 100vw, 667px\" \/><\/figure>","protected":false},"excerpt":{"rendered":"<p>Nel pomeriggio del 10 settembre 2025, nell\u2019ambito della 117\u00aa Conferenza Internazionale AEIT, ospitata ad Amantea presso il Mediterraneo Palace Hotel, si terr\u00e0 una tavola rotonda dal titolo: \u201cComunit\u00e0 Energetiche Rinnovabili: tecnologie, opportunit\u00e0 e sfide per lo sviluppo delle aree interne\u201d L\u2019incontro, moderato da Alessandro Vizzarri, Presidente dell&#8217;AICT Society AEIT, vedr\u00e0 protagonisti autorevoli rappresentanti del mondo accademico, industriale e della ricerca. Protagonisti del dibattito Tra i relatori: L\u2019intervento di Creta Energie[&hellip;]<\/p>","protected":false},"author":3,"featured_media":20187,"comment_status":"open","ping_status":"open","sticky":false,"template":"","format":"standard","meta":{"_acf_changed":false,"footnotes":""},"categories":[65,35,91,66,90,67,37,94],"tags":[80,79,82,95,31,27,29],"class_list":["post-20199","post","type-post","status-publish","format-standard","has-post-thumbnail","hentry","category-clima-e-ambiente","category-comunita-energetiche","category-energia-e-ambiente","category-energie-rinnovabili","category-evento","category-sostenibilita","category-transizione-energetica","category-universita-della-calabria","tag-aeit","tag-aeit2025","tag-calabria","tag-cer","tag-comunita-energetiche","tag-energia-rinnovabile","tag-tecnologie-abilitanti"],"acf":[],"jetpack_featured_media_url":"https:\/\/www.cretaes.com\/wp-content\/uploads\/2025\/09\/cover2025.png","_links":{"self":[{"href":"https:\/\/www.cretaes.com\/en\/wp-json\/wp\/v2\/posts\/20199","targetHints":{"allow":["GET"]}}],"collection":[{"href":"https:\/\/www.cretaes.com\/en\/wp-json\/wp\/v2\/posts"}],"about":[{"href":"https:\/\/www.cretaes.com\/en\/wp-json\/wp\/v2\/types\/post"}],"author":[{"embeddable":true,"href":"https:\/\/www.cretaes.com\/en\/wp-json\/wp\/v2\/users\/3"}],"replies":[{"embeddable":true,"href":"https:\/\/www.cretaes.com\/en\/wp-json\/wp\/v2\/comments?post=20199"}],"version-history":[{"count":1,"href":"https:\/\/www.cretaes.com\/en\/wp-json\/wp\/v2\/posts\/20199\/revisions"}],"predecessor-version":[{"id":20201,"href":"https:\/\/www.cretaes.com\/en\/wp-json\/wp\/v2\/posts\/20199\/revisions\/20201"}],"wp:featuredmedia":[{"embeddable":true,"href":"https:\/\/www.cretaes.com\/en\/wp-json\/wp\/v2\/media\/20187"}],"wp:attachment":[{"href":"https:\/\/www.cretaes.com\/en\/wp-json\/wp\/v2\/media?parent=20199"}],"wp:term":[{"taxonomy":"category","embeddable":true,"href":"https:\/\/www.cretaes.com\/en\/wp-json\/wp\/v2\/categories?post=20199"},{"taxonomy":"post_tag","embeddable":true,"href":"https:\/\/www.cretaes.com\/en\/wp-json\/wp\/v2\/tags?post=20199"}],"curies":[{"name":"wp","href":"https:\/\/api.w.org\/{rel}","templated":true}]}}